{"id":335,"date":"2019-10-04T10:09:14","date_gmt":"2019-10-04T09:09:14","guid":{"rendered":"https:\/\/notarcomitato.com\/feltre-2005-3-emanuele-calo\/"},"modified":"2019-10-04T10:11:41","modified_gmt":"2019-10-04T09:11:41","slug":"feltre-2005-3-emanuele-calo","status":"publish","type":"post","link":"https:\/\/notarcomitato.com\/it\/feltre-2005-3-emanuele-calo\/","title":{"rendered":"(Feltre 2005\/3) Emanuele CALO"},"content":{"rendered":"\n<p><strong>AMMINISTRAZIONE DI SOSTEGNO E DIRITTO INTERNAZIONALE PRIVATO<\/strong><\/p>\n\n\n\n<p>La nuova disciplina del diritto internazionale privato italiano (l. 31 maggio 1995, n. 218) dispone che i presupposti e gli effetti delle misure di protezione degli incapaci maggiori di et\u00e0, nonch\u00e9 i rapporti fra l\u2019incapace e chi ne ha la cura, sono regolati dalla legge nazionale dell\u2019incapace. Tuttavia, per proteggere in via provvisoria e urgente la persona o i beni dell\u2019incapace, il giudice pu\u00f2 adottare le misure previste dalla legge italiana (art. 43 l. 31 maggio 1995, n. 218). Ne consegue che il dato di partenza consiste nella presa d\u2019atto che l\u2019amministrazione di sostegno non \u00e8 applicabile agli stranieri, la quale norma, come giustamente segnalato, \u00e8 ormai obsoleta, perch\u00e9 sovente la legge nazionale finisce per applicarsi a persone inserite da molti anni in una realt\u00e0 totalmente diversa. Tale soluzione legislativa, come giustamente rileva Mosconi, si colloca nel solco della tradizione manciniana; questo \u00e8 al contempo un pregio e un problema, perch\u00e9 il contesto in cui si agisce non \u00e8 certo quello dell\u2019epoca di Pasquale Stanislao Mancini. Ci\u00f2 non toglie che il nuovo assetto del diritto internazionale privato italiano abbia comunque mutato i dati esistenti, il che sta a significare che, laddove la legge nazionale, per via delle previsioni di cui all\u2019art. 13 l. 218\/1995, rinvii indietro alla legge italiana, l\u2019amministrazione di sostegno, potr\u00e0 essere applicata al disabile straniero. Ancora, laddove l\u2019istituto straniero di protezione del disabile sia compatibile con l\u2019amministrazione di sostegno, si potr\u00e0 pervenire al medesimo esito, ossia, all\u2019applicazione della nuova disciplina anche allo straniero.<\/p>\n\n\n\n<p><strong>Al cospetto di queste due ipotesi, abbiamo gli esiti seguenti:&nbsp;<\/strong><\/p>\n\n\n\n<p><strong>a)<\/strong>&nbsp;ad esempio, se si trattasse di un incapace argentino (fattispecie peraltro oggetto dell\u2019unico caso a noi noto di applicazione del rinvio indietro presso i tribunali italiani), ai sensi dell\u2019art. 7 c.c. argentino, dovranno essere applicate le nostre norme ai cittadini argentini domiciliati in Italia: \u201c La capacidad o incapacidad de las personas domiciliadas fuera del territorio de la Rep\u00fablica, ser\u00e1 juzgada por las leyes de su respectivo domicilio, aun cuando se trate de actos ejecutados o de bienes existentes en la Rep\u00fablica\u201d (La capacit\u00e0 o incapacit\u00e0 delle persone domiciliate fuori dal territorio della Repubblica sar\u00e0 regolata dalle leggi del loro rispettivo domicilio, anche se si trattasse di atti eseguiti o di beni esistenti nella Repubblica).<br><strong>b)&nbsp;<\/strong>in presenza di istituti in qualche modo analoghi a quelli italiani, si potr\u00e0 applicare al disabile straniero l\u2019amministrazione di sostegno, in quanto surrogabile, ad esempio, con la Betreuung o con la Sachwalterschaft .<\/p>\n\n\n\n<p>Questa situazione muter\u00e0 quando sar\u00e0 in vigore la Convenzione dell\u2019Aia del 13 gennaio 2000 sulla protezione internazionale degli adulti. La Convenzione dell\u2019Aia del 13 gennaio 2000, ancora non in vigore, dispone, all\u2019articolo 5: \u201c1. Les autorit\u00e9s, tant judiciaires qu&#8217;administratives, de l&#8217;Etat contractant de la r\u00e9sidence habituelle de l&#8217;adulte sont comp\u00e9tentes pour prendre des mesures tendant \u00e0 la protection de sa personne ou de ses biens. 2. En cas de changement de la r\u00e9sidence habituelle de l&#8217;adulte dans un autre Etat contractant, sont comp\u00e9tentes les autorit\u00e9s de l&#8217;Etat de la nouvelle r\u00e9sidence habituelle \u00bb. La Convenzione dispone, all\u2019art. 13, comma 1\u00b0, che \u201cDans l\u2019exercice de la comp\u00e9tence qui leur est attribu\u00e9e par les dispositions du chapitre II, les autorit\u00e9s des Etats contractants appliquent leur loi\u201d. L\u2019art. 15, comma primo, fra altro, dispone: \u00ab1. L&#8217;existence, l&#8217;\u00e9tendue, la modification et l&#8217;extinction des pouvoirs de repr\u00e9sentation conf\u00e9r\u00e9s par un adulte, soit par un accord soit par un acte unilat\u00e9ral, pour \u00eatre exerc\u00e9s lorsque cet adulte sera hors d&#8217;\u00e9tat de pourvoir \u00e0 ses int\u00e9r\u00eats, sont r\u00e9gies par la loi de l&#8217;Etat de la r\u00e9sidence habituelle de l&#8217;adulte au moment de l&#8217;accord ou de l&#8217;acte unilat\u00e9ral, \u00e0 moins qu&#8217;une des lois mentionn\u00e9es au paragraphe 2 ait \u00e9t\u00e9 d\u00e9sign\u00e9e express\u00e9ment par \u00e9crit \u00bb. Si tratta di una norma che riguarda il mandato in previsione dell\u2019incapacit\u00e0 (mandat in pr\u00e9vision de l\u2019inaptitude, del Qu\u00e9bec) oppure l\u2019Enduring Power of Attorney inglese, o il Durable Power of Attorney statunitense. Le previsioni della menzionata Convenzione dell\u2019Aia, alterano l\u2019assetto attuale, in quanto ravvicinano forum e ius.<\/p>\n\n\n\n<p>Basta badare a quanto succede, ad esempio, quando si tratta d\u2019applicare il diritto italiano a un cittadino italiano residente in Germania, stato nel quale l\u2019interdizione viene pronunciata secondo il diritto locale. Noi, secondo la nostra norma di conflitto, dovremmo far regolare questa situazione dalle nostre norme, che prevedono per l\u2019appunto l\u2019interdizione, la quale per\u00f2 (fortunatamente) \u00e8 in via d\u2019estinzione nei Paesi pi\u00f9 avanzati e, nel caso della Germania, \u00e8 sostituita dalla Betreuung. Non occorrono doti divinatorie per capire che, con un implicito gentlemen agreement, prima dell\u2019introduzione nel nostro ordinamento dell\u2019amministrazione di sostegno, taluno avrebbe potuto pure asserire che detto istituto tedesco equivalesse all\u2019interdizione disciplinata dal nostro codice civile, cosa che \u00e8 esattamente l\u2019opposto della realt\u00e0. Ora, in virt\u00f9 dell\u2019emanazione di una nuova disciplina legislativa, che ha introdotto l\u2019amministrazione di sostegno, potremo pi\u00f9 agevolmente applicare la disciplina straniera richiamata dalla norma di conflitto, in quanto il nuovo istituto pu\u00f2, come accennato, considerarsi il corrispettivo della Sachwalterschaft austriaca o della Betreeuung tedesca. In passato, si osservava, giustamente, che l\u2019unit\u00e0 di disciplina nell\u2019applicazione della legge nazionale, prevista dal citato art. 43 l. 218\/1995, diviene \u201cdi difficile realizzazione nel caso in cui la legge nazionale preveda una forma di protezione non conosciuta nel foro; nel caso, cio\u00e8, in cui nell\u2019ordinamento italiano non esistano autorit\u00e0 o istituzioni capaci di svolgere la funzione prevista dalla legge nazionale dell\u2019incapace\u201d.<\/p>\n\n\n\n<p>Nel suo rapporto del 5 gennaio 2000 alla citata Convenzione, Paul Lagarde scriveva che \u00abla durata della vita umana negli Stati sviluppati \u00e8 aumentata in modo incessante, essendone corollario l\u2019aumento delle malattie della vecchiaia. Il Segretario generale della Conferenza ha enunciato tali previsioni comunicate dal Consiglio economico e sociale, secondo le quali il numero degli ultrasessantenni sarebbe passato dai 600 milioni del 2001 ai 1,2 miliardi nel 2025 e quello degli ultraottantenni, attualmente di 50 milioni, sarebbe passato a 137 milioni nel 2025. La presa di coscienza di tali problemi ha gi\u00e0 provocato in taluni Stati una riforma totale del sistema interno di protezione degli adulti che soffrono di un\u2019alterazione odi una insufficienza delle loro facolt\u00e0 personali. I movimenti naturali delle popolazioni nell\u2019epoca contemporanea e segnatamente il numero assai alto di persone giunte all\u2019et\u00e0 della pensione e che decidono di trascorrere l\u2019ultima parte della loro esistenza sotto un clima pi\u00f9 clemente hanno reso i pratici e in particolare i notai pi\u00f9 desiderosi di disporre in materia di regole sicure di diritto internazionale privato. In particolare, siccome le persone in questione dispongono sovente di un certo patrimonio, la pratica notarile ha dovuto affrontare problematiche di diritto internazionale privato concernente la gestione o la vendita di beni di queste persone o la liquidazione di successioni..\u201d<\/p>\n\n\n\n<p>L\u2019applicazione della legge nazionale, quale fardello ideale, sorta di \u201clegal bundle of belongings\u201d dello straniero, che ha anche prestigiose radici italiane comporta, attualmente, l\u2019applicazione di istituti stranieri che, anche se fossero affini ai nostri, si risolvono, nella concreta applicazione, in un onere inutile sia per la parte che per i giudici.. Alla luce della tendenza a far applicare al giudice la propria legge quando la fattispecie \u00e8 localizzata nella sua giurisdizione, la scelta del legislatore italiano appare ormai sorpassata. Non sono in gioco questioni dogmatiche ovvero di coerenza sistematica bens\u00ec, molto pi\u00f9 banalmente, di aver il coraggio di ammettere che il giudice (ma questo vale anche per avvocati e notai) trova qualche difficolt\u00e0 pratica ad applicare gli istituti di Paesi il cui sistema \u00e8 assolutamente irreperibile e sui quali si troveranno s\u00ec dotte disquisizioni, ma non i dati su cui lavorare. Questo \u00e8, nell\u2019ordine, il primo problema, dopodich\u00e9 vi sono quelli attinenti alla razionalit\u00e0 (quale senso pu\u00f2 avere l\u2019applicazione di istituti stranieri ad una persona che ha deciso di fondare la sua esistenza in un\u2019altra giurisdizione?) ed alle possibilit\u00e0 di adeguamento di istituti stranieri (fino a che punto \u00e8 realisticamente applicabile un istituto straniero ignoto al nostro sistema?<\/p>\n\n\n\n<p>In molti casi, come accennato, altra via non vi sar\u00e0 se non quella di ricorrere alle misure del nostro sistema pi\u00f9 affini per analogia di oggetto e di scopo. Non \u00e8 quindi casuale che, per evitare queste forzature, le convenzioni dell\u2019Aia e le legislazioni pi\u00f9 moderne tendano a identificare forum e ius. Attualmente, l\u2019applicazione tout court della legge italiana \u00e8 limitata alla previsione di cui al citato art. 43 l. 218\/1995, ultima parte, laddove dispone che per proteggere in via provvisoria e urgente la persona o i beni dell\u2019incapace, il giudice italiano pu\u00f2 adottare le misure previste dalla legge italiana. La stessa legge n\u00b0 6\/2004, che ha istituito l\u2019amministrazione di sostegno, contiene specifiche previsioni in materia di provvedimenti urgenti, che sono quindi suscettibili di trovare applicazione nei riguardi dello straniero. La norma dell\u2019art. 43, secondo comma, come rileva giustamente Pasqualis, consente soltanto interventi urgenti e provvisori, e non si presta a fornire una soluzione adeguata per regolare aspetti di carattere patrimoniale diversi da quelli afferenti ad una disciplina precaria. Pur valutando la difficolt\u00e0 di elaborare qualsivoglia previsione, ora come ora sembrerebbe ragionevole asserite che la cennata Convenzione dell\u2019Aia del 13 gennaio 2000 sulla Protezione Internazionale degli Adulti abbia buone possibilit\u00e0 di successo.<\/p>\n\n\n\n<p>Abbiamo quindi l\u2019impressione che, in qualche modo, si sia al cospetto se non della fine del diritto internazionale privato, di un suo obiettivo ridimensionamento. Nel far coincidere forum e ius, viene meno la ricerca della legge applicabile. L\u2019elemento di estraneit\u00e0, tradizionale punto di partenza della disciplina, non \u00e8 pi\u00f9 sufficiente a far mutare la legge applicabile; l\u2019essere di cittadinanza diversa da quella dello Stato di residenza non \u00e8 pi\u00f9 un dato che renda sempre applicabile una legge diversa da quella del foro. In sede comunitaria, sono sempre pi\u00f9 avanzati i lavori tendenti a far coincidere forum e ius nell\u2019ambito delle successioni e dei rapporti patrimoniali fra coniugi. Certo, qualora un soggetto residente in uno Stato svolga attivit\u00e0 giuridicamente rilevante in un\u2019altra giurisdizione, il problema torner\u00e0 a porsi; si tratter\u00e0 pero di casi numericamente limitati, laddove non si applichi pi\u00f9 ai residenti stranieri la loro legge nazionale. Tramonta l\u2019applicazione, in fondo velleitaria e superflua, delle leggi di ogni angolo di mondo che veda i suoi cittadini in rapporto con la nostra giurisdizione.<\/p>\n\n\n\n<p><strong>Emanuele Cal\u00f2<\/strong><\/p>\n\n\n\n<p>P. Pasqualis, L\u2019amministrazione di sostegno e la Convenzione dell\u2019Aia in materia di protezione internazionale degli adulti, in: A.A.V.V., La riforma dell\u2019interdizione e dell\u2019inabilitazione a cura di S. Patti, Quaderni di Familia, n. 1, Atti del Convegno di studi \u201cCapacit\u00e0 ed autonomia delle persone\u201d, promosso dal Consiglio Nazionale del Notariato, il 20 giugno 2002, Milano, 2002, p. 100. G. Salito, P. Matera , Amministrazione di sostegno: il ruolo del notaio, Notariato, 2004, p. 662. F. Mosconi, Diritto Internazionale Privato e Processuale \u2013 Parte speciale, Torino, 1997, p. 22. Sul rinvio, cfr. F. Mosconi, Diritto Internazionale Privato e Processuale \u2013 Parte generale e contratti, Torino, 1996, p. 116 ss.; E. Cal\u00f2, La pianificazione delle vicende personali e patrimoniali, Milano, Ipsoa, 2004, p. 130 ss. Sull\u2019amministrazione di sostegno, vedi<br><strong>a)<\/strong>&nbsp;monografie: G. Bonilini, Amministrazione di sostegno, Padova, 2004, M. Dossetti, M. Moretti, C. Moretti, L\u2019amministratore di sostegno e la nuova disciplina dell\u2019interdizione e dell\u2019inabilitazione, Milano, 2004, A.A.V.V., Amministrazione di sostegno, a cura di G. Autorino Stanzione e V. Zambrano , Milano, 2004, M. Pini, Amministrazione di sostegno e interdizione &#8211; La riforma del sistema di protezione delle persone prive di autonomia, Milano, 2004, E. Cal\u00f2, Amministrazione di sostegno, Milano, 2004.<br><strong>b)&nbsp;<\/strong>articoli e note: E. Cal\u00f2 , L\u2019amministrazione di sostegno al debutto fra istanze nazionali e adeguamenti pratici, nota a Tribunale Roma, decreti 19 marzo 2004 e 22 marzo 2004, Notariato, 2004, n. 3\/2004, p. 1, id, La nuova legge sull\u2019amministrazione di sostegno, Corriere Giuridico, 2004, p. 861, id, L\u2019apporto dei ricorsi e dei decreti all\u2019attuazione dell\u2019amministrazione di sostegno (nota a Trib. Parma, 2 aprile 2004 (decreto), Notariato, 2004, p. 399, id, Stranieri e amministrazione di sostegno, Famiglia e Diritto, 2004, p. 417, id, Il discrimen fra amministrazione di sostegno e interdizione, Notariato , 2004, p. 526, F. Ruscello, \u201cAmministrazione di sostegno\u201d e tutela dei \u201cdisabili\u201d. Impressioni estemporanee su una recente legge, Studium Iuris, 2004, p. 149, S. Vocaturo, L\u2019amministratore di sostegno: la dignit\u00e0 dell\u2019uomo al di l\u00e0 dell\u2019handicap, Riv. Not., 2004, III, p. 243, G. Campese, L\u2019istituzione dell\u2019amministrazione di sostegno e le modifiche in materia di interdizione e inabilitazione, Famiglia e Diritto, 2004, p. 126, S. Delle Monache, Prime note sulla figura dell\u2019amministrazione di sostegno: profili di diritto sostanziale, Nuova Giur. Civ. Comm., 2004, II, p. 29, U. Morello, L\u2019amministrazione di sostegno (dalle regole ai principi),, Notariato, 2004 p. 225, B. Malavasi, L\u2019amministrazione di sostegno: le linee di fondo, id, p. 319, U. Morello, , M. Avagliano, La riforma dell\u2019incapacit\u00e0 del maggiorenne, FederNotizie, 2004, p. 81, G. Marcoz, Riflessioni in tema di amministratore di sostegno, Il Notaro, 2004, p. 31, F. Tommaseo, L\u2019amministrazione di sostegno: i profili processuali, Studium Iuris, 2004, p. 1061, E. Carbone, Libert\u00e0 e protezione nella riforma dell\u2019incapacit\u00e0 d\u2019agire, Nuova Giur. Civ. Comm., 2004, II, p. 537, G. Bonilini,La designazione dell\u2019amministratore di sostegno (prima parte) Studium Iuris, 2004, p. 1051, La designazione dell\u2019amministratore di sostegno (seconda parte), id, p. 1209, F. Eramo, L\u2019amministrazione di sostegno, Dir. Fam., 2004, p. 534, G. Salito, P. Matera, Amministrazione di sostegno: il ruolo del notaio, Notariato, 2004, p. 662. E. Cal\u00f2, L\u2019implosione degli istituti di protezione degli incapaci, (nota a Tribunale Pordenone 7 marzo 2002), Corriere Giuridico, 2002, p. 775. E. Cal\u00f2 , Diritto Internazionale Privato -Regimi patrimoniali della famiglia nel mondo \/ Derecho Internacional Privado Reg\u00edmenes matrimoniales en el mundo Volume I America Latina Collana Studi del Consiglio Nazionale de l Notariato Prefazione di Luigi Ferrari Bravo Milano, Giuffr\u00e8, 2002 Testo in&nbsp;<a href=\"http:\/\/www.hcch.net\/\" target=\"_blank\" rel=\"noreferrer noopener\">http:\/\/www.hcch.net<\/a>&nbsp;P. Lagarde , La Convention de La Haye du 13 janvier 2000 sur la protection internationale des adultes, Revue critique de droit international priv\u00e9, 2000, No 2, p. 159. F. SEATZU, L&#8217;interesse del maggiorenne incapace nella nuova convenzione dell&#8217;Aia (13 gennaio 2000) sulla protezione internazionale degli adulti, Dir. fam. 2001, No 3, p. 1223 A. Borr\u00e1s,Una nueva etapa en la protecci\u00f3n internacional de adultos; Geriatrianet (Revista Electr\u00f3nica de Geriatr\u00eda), Vol. 2, N\u00fam. 1, A\u00f1o 2 .<\/p>\n\n\n\n<p><strong>Articolo 5<\/strong><\/p>\n\n\n\n<ul><li>Le autorit\u00e0, sia giudiziali che amministrative, dello Stato contraente del luogo di residenza abituale dell\u2019adulto, sono competenti per l\u2019adozione di misure di protezione della sua persona o dei suoi beni.<\/li><li>In caso di mutamento della residenza abituale dell\u2019adulto in un altro Stato contraente, sono competenti le autorit\u00e0 dello Stato della nuova residenza abituale. Nell\u2019esercizio della competenza loro attribuita dalla disposizioni del capitolo II, le autorit\u00e0 degli Stati contraenti applicano la loro legge.<\/li><\/ul>\n\n\n\n<p><strong>1.<\/strong>&nbsp;L&#8217;esistenza, portata, modifica ed estinzione dei poteri di rappresentanza conferiti da un adulto, sia mediante convenzione che per atto unilaterale, per essere esercitati quando l\u2019adulto non sar\u00e0 in grado di provvedere ai propri interessi, sono regolati dalla legge dello Stato di residenza abituale dell&#8217;adulto al momento dell&#8217;accordo o dell&#8217;atto unilaterale, a meno che una delle leggi di cui al comma 2 sia stata espressamente designata per iscritto\u201d E. Cal\u00f2, Mandat en pr\u00e9vision de l\u2019inaptitude: un messaggio dal Qu\u00e9bec, A .A.V.V., La riforma dell\u2019interdizione e dell\u2019inabilitazione a cura di S. Patti, p. 45. K. Klement, Sintesi del sistema austriaco dell\u2019amministrazione di sostegno (\u201cSachwalterschaft\u201d), A .A.V.V., La riforma dell\u2019interdizione e dell\u2019inabilitazione a cura di S. Patti, p. 80 K.A. von Sachsen Gesaphe, La legge tedesca sull\u2019assistenza giuridica e la programmata riforma della legge italiana in materia di interdizione e di inabilitazione, in: La riforma dell\u2019interdizione e dell\u2019inabilitazione, a cura di S. Patti, cit. , p. 69 C. Honorati, in A.A.V.V., Commento alla legge 31 maggio 1995, n. 218, sub art. 43, Riv. Dir. Int. Priv. e Proc., 1995, p. 1122. Ns. traduzione; l\u2019originale in francese \u00e8 nel segnalato sito della Conferenza dell\u2019Aia. Vedi da ultimo Yuko Nishitani, Mancini e l\u2019autonomia della volont\u00e0 nel diritto internazionale privato, Riv. dir. int. priv. e proc., 2001, p. 23 ss Cos\u00ec, P. Pasqualis, Protezione degli incapaci e obblighi alimentari, in: A.A.V.V., La condizione di reciprocit\u00e0 \u2013 La riforma del sistema italiano di diritto internazionale privato \u2013 Aspetti di interesse notarile, a cura di M. Ieva, Quaderni del Notariato, collana diretta da P. Rescigno, F. Galgano, M. Ieva, Milano, 2001, p. 207. Al riguardo, si \u00e8 scritto che, con l\u2019abolizione in Germania dell\u2019interdizione e la sua sostituzione con la Betreuung, un tedesco non avrebbe pi\u00f9 potuto essere interdetto in Italia e un italiano non avrebbe pi\u00f9 potuto essere interdetto in Germania ( Napoli, La Betreuungsgesetz. Dagli status alla flessibilit\u00e0 nel sistema di protezione di protezione degli incapaci nella Repubblica Federale di Germania, cit., p. 545). Naturalmente, con la legge n\u00b06\/2004, l\u2019amministrazione di sostegno colma tale lacuna. Vedi P. Picone, La riforma italiana del diritto internazionale privato, cit., con un\u2019estesa disamina del \u201cmetodo di applicazione generalizzata della lex fori\u201d (p. 371 ss.). Si registra in materia un dibattito fra chi considera che l\u2019applicazione della legge italiana, ex art. 43, 2\u00b0 comma, sia dettata da sole ragioni d\u2019urgenza e provvisoriet\u00e0, e chi considera, invece, che detta applicazione della lex fori dipenda dall\u2019efficacai strettamente territoriale di tali misure (G. Conetti, S. ToNolo, F. Vismara,Commento alla riforma del diritto internazionale privato italiano, Torino, 2001, p. 189). Pasqualis, Protezione degli incapaci e obblighi alimentari, cit., p. 208. Cfr. Deutsches NotarInstitut, Les successions Internationales dans l\u2019UE \u2013 Perspectives pour une Harmonisation ( relazione distribuita nel Convegno di Bruxelles del maggio 2004).<\/p>\n","protected":false},"excerpt":{"rendered":"<p>L&#8217;amministratore di sostegno; Il testamento di vita<\/p>\n","protected":false},"author":1,"featured_media":0,"comment_status":"closed","ping_status":"open","sticky":false,"template":"","format":"standard","meta":{"advgb_blocks_editor_width":"","advgb_blocks_columns_visual_guide":"","site-sidebar-layout":"default","site-content-layout":"default","ast-global-header-display":"","ast-main-header-display":"","ast-hfb-above-header-display":"","ast-hfb-below-header-display":"","ast-hfb-mobile-header-display":"","site-post-title":"","ast-breadcrumbs-content":"","ast-featured-img":"","footer-sml-layout":"","theme-transparent-header-meta":"default","adv-header-id-meta":"","stick-header-meta":"default","header-above-stick-meta":"","header-main-stick-meta":"","header-below-stick-meta":""},"categories":[26,2],"tags":[],"acf":[],"author_meta":{"display_name":"admin","author_link":"https:\/\/notarcomitato.com\/it\/author\/daniel_z2gy5a1k\/"},"featured_img":null,"yoast_head":"<!-- This site is optimized with the Yoast SEO plugin v19.2 - https:\/\/yoast.com\/wordpress\/plugins\/seo\/ -->\n<title>(Feltre 2005\/3) Emanuele CALO - Notarcomitato<\/title>\n<meta name=\"robots\" content=\"index, follow, max-snippet:-1, max-image-preview:large, max-video-preview:-1\" \/>\n<link rel=\"canonical\" href=\"https:\/\/notarcomitato.com\/it\/feltre-2005-3-emanuele-calo\/\" \/>\n<meta property=\"og:locale\" content=\"it_IT\" \/>\n<meta property=\"og:type\" content=\"article\" \/>\n<meta property=\"og:title\" content=\"(Feltre 2005\/3) Emanuele CALO - Notarcomitato\" \/>\n<meta property=\"og:description\" content=\"L&#039;amministratore di sostegno; Il testamento di vita\" \/>\n<meta property=\"og:url\" content=\"https:\/\/notarcomitato.com\/it\/feltre-2005-3-emanuele-calo\/\" \/>\n<meta property=\"og:site_name\" content=\"Notarcomitato\" \/>\n<meta property=\"article:published_time\" content=\"2019-10-04T09:09:14+00:00\" \/>\n<meta property=\"article:modified_time\" content=\"2019-10-04T09:11:41+00:00\" \/>\n<meta name=\"author\" content=\"admin\" \/>\n<meta name=\"twitter:card\" content=\"summary_large_image\" \/>\n<meta name=\"twitter:label1\" content=\"Scritto da\" \/>\n\t<meta name=\"twitter:data1\" content=\"admin\" \/>\n\t<meta name=\"twitter:label2\" content=\"Tempo di lettura stimato\" \/>\n\t<meta name=\"twitter:data2\" content=\"14 minuti\" \/>\n<script type=\"application\/ld+json\" class=\"yoast-schema-graph\">{\"@context\":\"https:\/\/schema.org\",\"@graph\":[{\"@type\":\"WebSite\",\"@id\":\"https:\/\/notarcomitato.com\/#website\",\"url\":\"https:\/\/notarcomitato.com\/\",\"name\":\"Notarcomitato\",\"description\":\"Italienisches Komitee des Notariats\",\"potentialAction\":[{\"@type\":\"SearchAction\",\"target\":{\"@type\":\"EntryPoint\",\"urlTemplate\":\"https:\/\/notarcomitato.com\/?s={search_term_string}\"},\"query-input\":\"required name=search_term_string\"}],\"inLanguage\":\"it-IT\"},{\"@type\":\"WebPage\",\"@id\":\"https:\/\/notarcomitato.com\/it\/feltre-2005-3-emanuele-calo\/#webpage\",\"url\":\"https:\/\/notarcomitato.com\/it\/feltre-2005-3-emanuele-calo\/\",\"name\":\"(Feltre 2005\/3) Emanuele CALO - Notarcomitato\",\"isPartOf\":{\"@id\":\"https:\/\/notarcomitato.com\/#website\"},\"datePublished\":\"2019-10-04T09:09:14+00:00\",\"dateModified\":\"2019-10-04T09:11:41+00:00\",\"author\":{\"@id\":\"https:\/\/notarcomitato.com\/#\/schema\/person\/9bff16f53cacfc25e091a7740b29eb67\"},\"breadcrumb\":{\"@id\":\"https:\/\/notarcomitato.com\/it\/feltre-2005-3-emanuele-calo\/#breadcrumb\"},\"inLanguage\":\"it-IT\",\"potentialAction\":[{\"@type\":\"ReadAction\",\"target\":[\"https:\/\/notarcomitato.com\/it\/feltre-2005-3-emanuele-calo\/\"]}]},{\"@type\":\"BreadcrumbList\",\"@id\":\"https:\/\/notarcomitato.com\/it\/feltre-2005-3-emanuele-calo\/#breadcrumb\",\"itemListElement\":[{\"@type\":\"ListItem\",\"position\":1,\"name\":\"Startseite\",\"item\":\"https:\/\/notarcomitato.com\/it\/\"},{\"@type\":\"ListItem\",\"position\":2,\"name\":\"(Feltre 2005\/3) Emanuele CALO\"}]},{\"@type\":\"Person\",\"@id\":\"https:\/\/notarcomitato.com\/#\/schema\/person\/9bff16f53cacfc25e091a7740b29eb67\",\"name\":\"admin\",\"image\":{\"@type\":\"ImageObject\",\"inLanguage\":\"it-IT\",\"@id\":\"https:\/\/notarcomitato.com\/#\/schema\/person\/image\/\",\"url\":\"https:\/\/secure.gravatar.com\/avatar\/6f280326491021e9092fa79a585caa49?s=96&d=mm&r=g\",\"contentUrl\":\"https:\/\/secure.gravatar.com\/avatar\/6f280326491021e9092fa79a585caa49?s=96&d=mm&r=g\",\"caption\":\"admin\"},\"url\":\"https:\/\/notarcomitato.com\/it\/author\/daniel_z2gy5a1k\/\"}]}<\/script>\n<!-- \/ Yoast SEO plugin. -->","yoast_head_json":{"title":"(Feltre 2005\/3) Emanuele CALO - Notarcomitato","robots":{"index":"index","follow":"follow","max-snippet":"max-snippet:-1","max-image-preview":"max-image-preview:large","max-video-preview":"max-video-preview:-1"},"canonical":"https:\/\/notarcomitato.com\/it\/feltre-2005-3-emanuele-calo\/","og_locale":"it_IT","og_type":"article","og_title":"(Feltre 2005\/3) Emanuele CALO - Notarcomitato","og_description":"L'amministratore di sostegno; Il testamento di vita","og_url":"https:\/\/notarcomitato.com\/it\/feltre-2005-3-emanuele-calo\/","og_site_name":"Notarcomitato","article_published_time":"2019-10-04T09:09:14+00:00","article_modified_time":"2019-10-04T09:11:41+00:00","author":"admin","twitter_card":"summary_large_image","twitter_misc":{"Scritto da":"admin","Tempo di lettura stimato":"14 minuti"},"schema":{"@context":"https:\/\/schema.org","@graph":[{"@type":"WebSite","@id":"https:\/\/notarcomitato.com\/#website","url":"https:\/\/notarcomitato.com\/","name":"Notarcomitato","description":"Italienisches Komitee des Notariats","potentialAction":[{"@type":"SearchAction","target":{"@type":"EntryPoint","urlTemplate":"https:\/\/notarcomitato.com\/?s={search_term_string}"},"query-input":"required name=search_term_string"}],"inLanguage":"it-IT"},{"@type":"WebPage","@id":"https:\/\/notarcomitato.com\/it\/feltre-2005-3-emanuele-calo\/#webpage","url":"https:\/\/notarcomitato.com\/it\/feltre-2005-3-emanuele-calo\/","name":"(Feltre 2005\/3) Emanuele CALO - Notarcomitato","isPartOf":{"@id":"https:\/\/notarcomitato.com\/#website"},"datePublished":"2019-10-04T09:09:14+00:00","dateModified":"2019-10-04T09:11:41+00:00","author":{"@id":"https:\/\/notarcomitato.com\/#\/schema\/person\/9bff16f53cacfc25e091a7740b29eb67"},"breadcrumb":{"@id":"https:\/\/notarcomitato.com\/it\/feltre-2005-3-emanuele-calo\/#breadcrumb"},"inLanguage":"it-IT","potentialAction":[{"@type":"ReadAction","target":["https:\/\/notarcomitato.com\/it\/feltre-2005-3-emanuele-calo\/"]}]},{"@type":"BreadcrumbList","@id":"https:\/\/notarcomitato.com\/it\/feltre-2005-3-emanuele-calo\/#breadcrumb","itemListElement":[{"@type":"ListItem","position":1,"name":"Startseite","item":"https:\/\/notarcomitato.com\/it\/"},{"@type":"ListItem","position":2,"name":"(Feltre 2005\/3) Emanuele CALO"}]},{"@type":"Person","@id":"https:\/\/notarcomitato.com\/#\/schema\/person\/9bff16f53cacfc25e091a7740b29eb67","name":"admin","image":{"@type":"ImageObject","inLanguage":"it-IT","@id":"https:\/\/notarcomitato.com\/#\/schema\/person\/image\/","url":"https:\/\/secure.gravatar.com\/avatar\/6f280326491021e9092fa79a585caa49?s=96&d=mm&r=g","contentUrl":"https:\/\/secure.gravatar.com\/avatar\/6f280326491021e9092fa79a585caa49?s=96&d=mm&r=g","caption":"admin"},"url":"https:\/\/notarcomitato.com\/it\/author\/daniel_z2gy5a1k\/"}]}},"coauthors":[],"tax_additional":{"categories":{"linked":["<a href=\"https:\/\/notarcomitato.com\/it\/category\/referate-it\/2005-lamministratore-di-sostegnoil-testamento-di-vita\/\" class=\"advgb-post-tax-term\">2005 - L&#039;amministratore di sostegno;Il testamento di vita<\/a>","<a href=\"https:\/\/notarcomitato.com\/it\/category\/referate-it\/\" class=\"advgb-post-tax-term\">Relazioni<\/a>"],"unlinked":["<span class=\"advgb-post-tax-term\">2005 - L&#039;amministratore di sostegno;Il testamento di vita<\/span>","<span class=\"advgb-post-tax-term\">Relazioni<\/span>"]}},"comment_count":"0","relative_dates":{"created":"Posted 7 anni ago","modified":"Updated 7 anni ago"},"absolute_dates":{"created":"Posted on 4. Ottobre 2019","modified":"Updated on 4. Ottobre 2019"},"absolute_dates_time":{"created":"Posted on 4. Ottobre 2019 10:09","modified":"Updated on 4. Ottobre 2019 10:11"},"featured_img_caption":"","series_order":"","uagb_featured_image_src":{"full":false,"thumbnail":false,"medium":false,"medium_large":false,"large":false,"1536x1536":false,"2048x2048":false},"uagb_author_info":{"display_name":"admin","author_link":"https:\/\/notarcomitato.com\/it\/author\/daniel_z2gy5a1k\/"},"uagb_comment_info":0,"uagb_excerpt":"L'amministratore di sostegno; Il testamento di vita","_links":{"self":[{"href":"https:\/\/notarcomitato.com\/it\/wp-json\/wp\/v2\/posts\/335"}],"collection":[{"href":"https:\/\/notarcomitato.com\/it\/wp-json\/wp\/v2\/posts"}],"about":[{"href":"https:\/\/notarcomitato.com\/it\/wp-json\/wp\/v2\/types\/post"}],"author":[{"embeddable":true,"href":"https:\/\/notarcomitato.com\/it\/wp-json\/wp\/v2\/users\/1"}],"replies":[{"embeddable":true,"href":"https:\/\/notarcomitato.com\/it\/wp-json\/wp\/v2\/comments?post=335"}],"version-history":[{"count":2,"href":"https:\/\/notarcomitato.com\/it\/wp-json\/wp\/v2\/posts\/335\/revisions"}],"predecessor-version":[{"id":338,"href":"https:\/\/notarcomitato.com\/it\/wp-json\/wp\/v2\/posts\/335\/revisions\/338"}],"wp:attachment":[{"href":"https:\/\/notarcomitato.com\/it\/wp-json\/wp\/v2\/media?parent=335"}],"wp:term":[{"taxonomy":"category","embeddable":true,"href":"https:\/\/notarcomitato.com\/it\/wp-json\/wp\/v2\/categories?post=335"},{"taxonomy":"post_tag","embeddable":true,"href":"https:\/\/notarcomitato.com\/it\/wp-json\/wp\/v2\/tags?post=335"}],"curies":[{"name":"wp","href":"https:\/\/api.w.org\/{rel}","templated":true}]}}